{"id":5651,"date":"2025-02-11T15:58:37","date_gmt":"2025-02-11T14:58:37","guid":{"rendered":"https:\/\/forum.ncdalliance.org\/?p=5651"},"modified":"2025-02-11T16:38:47","modified_gmt":"2025-02-11T15:38:47","slug":"introducing-the-community-zone-at-the-2025-global-ncd-alliance-forum","status":"publish","type":"post","link":"https:\/\/forum.ncdalliance.org\/fr\/2025-02-11\/introducing-the-community-zone-at-the-2025-global-ncd-alliance-forum\/","title":{"rendered":"Introducing the Community Zone at the 2025 Global NCD Alliance Forum"},"content":{"rendered":"<div data-elementor-type=\"wp-post\" data-elementor-id=\"5651\" class=\"elementor elementor-5651\" data-elementor-post-type=\"post\">\n\t\t\t\t<div class=\"elementor-element elementor-element-2250716 e-flex e-con-boxed e-con e-parent\" data-id=\"2250716\" data-element_type=\"container\">\n\t\t\t\t\t<div class=\"e-con-inner\">\n\t\t\t\t<div class=\"elementor-element elementor-element-15b8e1b elementor-widget elementor-widget-text-editor\" data-id=\"15b8e1b\" data-element_type=\"widget\" data-widget_type=\"text-editor.default\">\n\t\t\t\t<div class=\"elementor-widget-container\">\n\t\t\t\t\t\t\t\t\t<p>The countdown is on for the 2025 Global NCD Alliance Forum, and this year, we\u2019re thrilled to unveil an exciting new feature\u2014the Community Zone! Designed as a dynamic hub for networking, sharing ideas, and strategic collaboration, the Community Zone will be the beating heart of the Forum, fostering meaningful connections among delegates from around the world.<\/p><p>Located in MH3 and MH4, the Community Zone will run from 13 to 15 February, featuring an interactive program that promises engagement, inspiration, and action. Here\u2019s what you can look forward to:<\/p><h2>What\u2019s Happening in the Community Zone?<\/h2><p>\ud83c\udfa4 <strong>Community Stage<\/strong> \u2013 Engage in informal yet powerful discussions with organisations, alliances, youth advocates, and individuals living with NCDs as they share their experiences, innovations, and impact. Check out the <a href=\"https:\/\/forum.ncdalliance.org\/fr\/sessions\/community-stage\/\">Community Stage programme<\/a> to find sessions that interest you!<\/p><p>\ud83d\udee0<strong> Strategy Hub<\/strong> \u2013 Need a space for planning your next advocacy campaign or civil society initiative? The Strategy Hub is open for strategic meetings and collaborative sessions. Civil society groups, youth delegations, and regional alliances are encouraged to book in advance\u2014but hurry, spots are limited! <a href=\"https:\/\/forum.ncdalliance.org\/fr\/strategy-hub\/\">Reserve your space here<\/a>.<\/p><p>\ud83d\udce2 <strong>Call to Lead Wall<\/strong> \u2013 Have something to say to world leaders? This is your chance! Add your message to the Call to Lead Wall using post-it notes and help amplify advocacy efforts worldwide.<\/p><p>\ud83c\udfac <strong>Movie Room<\/strong> \u2013 Experience powerful storytelling through exclusive screenings of two mini-documentaries from the Our Views, Our Voices initiative. These films, which spotlight lived experience leadership in India and Malawi, will be complemented by behind-the-scenes insights and discussions.<\/p><p>\ud83d\udde3\ufe0f<strong>Our Views, Our Voices Exhibition<\/strong> \u2013 Journey through the evolution of this global initiative since its 2017 launch. Featuring NCD Diaries, advocacy milestones, and a call-to-action wall, this exhibition celebrates the voices of people with lived experience of NCDs.<\/p><p>\ud83c\udfa8 <strong>The Creative Hub<\/strong> \u2013 Let your creativity flow! This drop-in space allows Forum attendees to express their thoughts, experiences, and advocacy messages through creative media. Available at select times in the Movie Room. <a href=\"https:\/\/forum.ncdalliance.org\/fr\/sessions\/creative-space\/\">Check out the sessions<\/a>.<\/p><p>\ud83e\udd1d <strong>Networking Space<\/strong> \u2013 Looking for a space to connect over coffee? The Community Zone offers a welcoming atmosphere for informal meetups, collaboration, and relationship-building.<\/p><h2>Why You Should Visit the Community Zone<\/h2><p>Whether you\u2019re seeking strategic advocacy opportunities, eager to showcase your work, or simply looking to exchange ideas with peers, the Community Zone is your go-to space for meaningful engagement.<\/p><p>We invite all delegates to immerse themselves in this vibrant and inclusive space, where ideas turn into action, connections spark new collaborations, and community voices shape the future of the NCD response.<\/p><p>Join us in making this inaugural Community Zone a landmark feature of the 2025 Global NCD Alliance Forum!<\/p><p>See you there!<\/p>\t\t\t\t\t\t\t\t<\/div>\n\t\t\t\t<\/div>\n\t\t\t\t<div class=\"elementor-element elementor-element-96841ec elementor-widget elementor-widget-heading\" data-id=\"96841ec\" data-element_type=\"widget\" data-widget_type=\"heading.default\">\n\t\t\t\t<div class=\"elementor-widget-container\">\n\t\t\t\t\t<p class=\"elementor-heading-title elementor-size-default\">You can find more details about plenaries in the\u00a0programme.<\/p>\t\t\t\t<\/div>\n\t\t\t\t<\/div>\n\t\t\t\t<div class=\"elementor-element elementor-element-bde1192 elementor-widget elementor-widget-button\" data-id=\"bde1192\" data-element_type=\"widget\" data-widget_type=\"button.default\">\n\t\t\t\t<div class=\"elementor-widget-container\">\n\t\t\t\t\t\t\t\t\t<div class=\"elementor-button-wrapper\">\n\t\t\t\t\t<a class=\"elementor-button elementor-button-link elementor-size-sm\" href=\"https:\/\/forum.ncdalliance.org\/fr\/programme\/\">\n\t\t\t\t\t\t<span class=\"elementor-button-content-wrapper\">\n\t\t\t\t\t\t\t\t\t<span class=\"elementor-button-text\">View full programme<\/span>\n\t\t\t\t\t<\/span>\n\t\t\t\t\t<\/a>\n\t\t\t\t<\/div>\n\t\t\t\t\t\t\t\t<\/div>\n\t\t\t\t<\/div>\n\t\t\t\t\t<\/div>\n\t\t\t\t<\/div>\n\t\t\t\t<\/div>","protected":false},"excerpt":{"rendered":"<p>For the first time ever, the Forum will dedicate a space exclusively to community-driven initiatives, recognising the vital role of communities in shaping the global NCD response. <\/p>","protected":false},"author":4,"featured_media":5677,"comment_status":"open","ping_status":"open","sticky":false,"template":"","format":"standard","meta":{"footnotes":""},"categories":[11,1],"tags":[22,23],"class_list":["post-5651","post","type-post","status-publish","format-standard","has-post-thumbnail","hentry","category-announcement","category-uncategorized","tag-plenary","tag-programme"],"yoast_head":"<!-- This site is optimized with the Yoast SEO plugin v26.3 - https:\/\/yoast.com\/wordpress\/plugins\/seo\/ -->\n<title>Introducing the Community Zone at the 2025 Global NCD Alliance Forum - 4th Global NCD Alliance Forum<\/title>\n<meta name=\"description\" content=\"For the first time ever, the Forum will dedicate a space exclusively to community-driven initiatives, recognising the vital role of communities in shaping the global NCD response.\" \/>\n<meta name=\"robots\" content=\"index, follow, max-snippet:-1, max-image-preview:large, max-video-preview:-1\" \/>\n<link rel=\"canonical\" href=\"https:\/\/forum.ncdalliance.org\/fr\/2025-02-11\/introducing-the-community-zone-at-the-2025-global-ncd-alliance-forum\/\" \/>\n<meta property=\"og:locale\" content=\"fr_FR\" \/>\n<meta property=\"og:type\" content=\"article\" \/>\n<meta property=\"og:title\" content=\"Introducing the Community Zone at the 2025 Global NCD Alliance Forum\" \/>\n<meta property=\"og:description\" content=\"For the first time ever, the Forum will dedicate a space exclusively to community-driven initiatives, recognising the vital role of communities in shaping the global NCD response.\" \/>\n<meta property=\"og:url\" content=\"https:\/\/forum.ncdalliance.org\/fr\/2025-02-11\/introducing-the-community-zone-at-the-2025-global-ncd-alliance-forum\/\" \/>\n<meta property=\"og:site_name\" content=\"4th Global NCD Alliance Forum\" \/>\n<meta property=\"article:publisher\" content=\"https:\/\/www.facebook.com\/ncdalliance\" \/>\n<meta property=\"article:published_time\" content=\"2025-02-11T14:58:37+00:00\" \/>\n<meta property=\"article:modified_time\" content=\"2025-02-11T15:38:47+00:00\" \/>\n<meta property=\"og:image\" content=\"https:\/\/forum.ncdalliance.org\/wp-content\/uploads\/2025\/01\/Global_Forum_NCDs-20200209-opening_ceremony-401.jpg\" \/>\n\t<meta property=\"og:image:width\" content=\"1200\" \/>\n\t<meta property=\"og:image:height\" content=\"800\" \/>\n\t<meta property=\"og:image:type\" content=\"image\/jpeg\" \/>\n<meta name=\"author\" content=\"Caitlin Mahon\" \/>\n<meta name=\"twitter:card\" content=\"summary_large_image\" \/>\n<meta name=\"twitter:title\" content=\"Introducing the Community Zone at the 2025 Global NCD Alliance Forum\" \/>\n<meta name=\"twitter:description\" content=\"For the first time ever, the Forum will dedicate a space exclusively to community-driven initiatives, recognising the vital role of communities in shaping the global NCD response.\" \/>\n<meta name=\"twitter:image\" content=\"https:\/\/forum.ncdalliance.org\/wp-content\/uploads\/2025\/01\/Global_Forum_NCDs-20200209-opening_ceremony-401.jpg\" \/>\n<meta name=\"twitter:creator\" content=\"@ncdalliance\" \/>\n<meta name=\"twitter:site\" content=\"@ncdalliance\" \/>\n<meta name=\"twitter:label1\" content=\"\u00c9crit par\" \/>\n\t<meta name=\"twitter:data1\" content=\"Caitlin Mahon\" \/>\n\t<meta name=\"twitter:label2\" content=\"Dur\u00e9e de lecture estim\u00e9e\" \/>\n\t<meta name=\"twitter:data2\" content=\"2 minutes\" \/>\n<script type=\"application\/ld+json\" class=\"yoast-schema-graph\">{\"@context\":\"https:\/\/schema.org\",\"@graph\":[{\"@type\":\"Article\",\"@id\":\"https:\/\/forum.ncdalliance.org\/2025-02-11\/introducing-the-community-zone-at-the-2025-global-ncd-alliance-forum\/#article\",\"isPartOf\":{\"@id\":\"https:\/\/forum.ncdalliance.org\/2025-02-11\/introducing-the-community-zone-at-the-2025-global-ncd-alliance-forum\/\"},\"author\":{\"name\":\"Caitlin Mahon\",\"@id\":\"https:\/\/forum.ncdalliance.org\/#\/schema\/person\/4db292b1e99bd91ad6706834803ba7cb\"},\"headline\":\"Introducing the Community Zone at the 2025 Global NCD Alliance Forum\",\"datePublished\":\"2025-02-11T14:58:37+00:00\",\"dateModified\":\"2025-02-11T15:38:47+00:00\",\"mainEntityOfPage\":{\"@id\":\"https:\/\/forum.ncdalliance.org\/2025-02-11\/introducing-the-community-zone-at-the-2025-global-ncd-alliance-forum\/\"},\"wordCount\":460,\"commentCount\":0,\"publisher\":{\"@id\":\"https:\/\/forum.ncdalliance.org\/#organization\"},\"image\":{\"@id\":\"https:\/\/forum.ncdalliance.org\/2025-02-11\/introducing-the-community-zone-at-the-2025-global-ncd-alliance-forum\/#primaryimage\"},\"thumbnailUrl\":\"https:\/\/forum.ncdalliance.org\/wp-content\/uploads\/2025\/02\/ncdaf2025-creative_corner-2400x1600-1.jpg\",\"keywords\":[\"plenary\",\"programme\"],\"articleSection\":[\"Announcement\",\"Uncategorized\"],\"inLanguage\":\"fr-FR\",\"potentialAction\":[{\"@type\":\"CommentAction\",\"name\":\"Comment\",\"target\":[\"https:\/\/forum.ncdalliance.org\/2025-02-11\/introducing-the-community-zone-at-the-2025-global-ncd-alliance-forum\/#respond\"]}]},{\"@type\":\"WebPage\",\"@id\":\"https:\/\/forum.ncdalliance.org\/2025-02-11\/introducing-the-community-zone-at-the-2025-global-ncd-alliance-forum\/\",\"url\":\"https:\/\/forum.ncdalliance.org\/2025-02-11\/introducing-the-community-zone-at-the-2025-global-ncd-alliance-forum\/\",\"name\":\"Introducing the Community Zone at the 2025 Global NCD Alliance Forum - 4th Global NCD Alliance Forum\",\"isPartOf\":{\"@id\":\"https:\/\/forum.ncdalliance.org\/#website\"},\"primaryImageOfPage\":{\"@id\":\"https:\/\/forum.ncdalliance.org\/2025-02-11\/introducing-the-community-zone-at-the-2025-global-ncd-alliance-forum\/#primaryimage\"},\"image\":{\"@id\":\"https:\/\/forum.ncdalliance.org\/2025-02-11\/introducing-the-community-zone-at-the-2025-global-ncd-alliance-forum\/#primaryimage\"},\"thumbnailUrl\":\"https:\/\/forum.ncdalliance.org\/wp-content\/uploads\/2025\/02\/ncdaf2025-creative_corner-2400x1600-1.jpg\",\"datePublished\":\"2025-02-11T14:58:37+00:00\",\"dateModified\":\"2025-02-11T15:38:47+00:00\",\"description\":\"For the first time ever, the Forum will dedicate a space exclusively to community-driven initiatives, recognising the vital role of communities in shaping the global NCD response.\",\"breadcrumb\":{\"@id\":\"https:\/\/forum.ncdalliance.org\/2025-02-11\/introducing-the-community-zone-at-the-2025-global-ncd-alliance-forum\/#breadcrumb\"},\"inLanguage\":\"fr-FR\",\"potentialAction\":[{\"@type\":\"ReadAction\",\"target\":[\"https:\/\/forum.ncdalliance.org\/2025-02-11\/introducing-the-community-zone-at-the-2025-global-ncd-alliance-forum\/\"]}]},{\"@type\":\"ImageObject\",\"inLanguage\":\"fr-FR\",\"@id\":\"https:\/\/forum.ncdalliance.org\/2025-02-11\/introducing-the-community-zone-at-the-2025-global-ncd-alliance-forum\/#primaryimage\",\"url\":\"https:\/\/forum.ncdalliance.org\/wp-content\/uploads\/2025\/02\/ncdaf2025-creative_corner-2400x1600-1.jpg\",\"contentUrl\":\"https:\/\/forum.ncdalliance.org\/wp-content\/uploads\/2025\/02\/ncdaf2025-creative_corner-2400x1600-1.jpg\",\"width\":2400,\"height\":1600,\"caption\":\"Forum 2025 - creative corner\"},{\"@type\":\"BreadcrumbList\",\"@id\":\"https:\/\/forum.ncdalliance.org\/2025-02-11\/introducing-the-community-zone-at-the-2025-global-ncd-alliance-forum\/#breadcrumb\",\"itemListElement\":[{\"@type\":\"ListItem\",\"position\":1,\"name\":\"Home\",\"item\":\"https:\/\/forum.ncdalliance.org\/\"},{\"@type\":\"ListItem\",\"position\":2,\"name\":\"Introducing the Community Zone at the 2025 Global NCD Alliance Forum\"}]},{\"@type\":\"WebSite\",\"@id\":\"https:\/\/forum.ncdalliance.org\/#website\",\"url\":\"https:\/\/forum.ncdalliance.org\/\",\"name\":\"2024 Global NCD Alliance Forum\",\"description\":\"\",\"publisher\":{\"@id\":\"https:\/\/forum.ncdalliance.org\/#organization\"},\"potentialAction\":[{\"@type\":\"SearchAction\",\"target\":{\"@type\":\"EntryPoint\",\"urlTemplate\":\"https:\/\/forum.ncdalliance.org\/?s={search_term_string}\"},\"query-input\":{\"@type\":\"PropertyValueSpecification\",\"valueRequired\":true,\"valueName\":\"search_term_string\"}}],\"inLanguage\":\"fr-FR\"},{\"@type\":\"Organization\",\"@id\":\"https:\/\/forum.ncdalliance.org\/#organization\",\"name\":\"2024 Global NCD Alliance Forum\",\"url\":\"https:\/\/forum.ncdalliance.org\/\",\"logo\":{\"@type\":\"ImageObject\",\"inLanguage\":\"fr-FR\",\"@id\":\"https:\/\/forum.ncdalliance.org\/#\/schema\/logo\/image\/\",\"url\":\"https:\/\/forum.ncdalliance.org\/wp-content\/uploads\/2024\/10\/GF2025-logo-1300x584-EN.png\",\"contentUrl\":\"https:\/\/forum.ncdalliance.org\/wp-content\/uploads\/2024\/10\/GF2025-logo-1300x584-EN.png\",\"width\":1300,\"height\":584,\"caption\":\"2024 Global NCD Alliance Forum\"},\"image\":{\"@id\":\"https:\/\/forum.ncdalliance.org\/#\/schema\/logo\/image\/\"},\"sameAs\":[\"https:\/\/www.facebook.com\/ncdalliance\",\"https:\/\/x.com\/ncdalliance\",\"https:\/\/www.linkedin.com\/company\/ncd-alliance\",\"https:\/\/www.youtube.com\/c\/NCDAllianceOrg\",\"https:\/\/www.instagram.com\/ncdalliance\",\"https:\/\/www.tiktok.com\/@ncdalliance\"]},{\"@type\":\"Person\",\"@id\":\"https:\/\/forum.ncdalliance.org\/#\/schema\/person\/4db292b1e99bd91ad6706834803ba7cb\",\"name\":\"Caitlin Mahon\",\"image\":{\"@type\":\"ImageObject\",\"inLanguage\":\"fr-FR\",\"@id\":\"https:\/\/forum.ncdalliance.org\/#\/schema\/person\/image\/\",\"url\":\"https:\/\/secure.gravatar.com\/avatar\/274f7faf03e309fb172b674b7d25c50f6a44f5c04a176273967ee5414b02c9ec?s=96&d=mm&r=g\",\"contentUrl\":\"https:\/\/secure.gravatar.com\/avatar\/274f7faf03e309fb172b674b7d25c50f6a44f5c04a176273967ee5414b02c9ec?s=96&d=mm&r=g\",\"caption\":\"Caitlin Mahon\"},\"url\":\"https:\/\/forum.ncdalliance.org\/fr\/author\/cmahonncdalliance-org\/\"}]}<\/script>\n<!-- \/ Yoast SEO plugin. -->","yoast_head_json":{"title":"Introducing the Community Zone at the 2025 Global NCD Alliance Forum - 4th Global NCD Alliance Forum","description":"For the first time ever, the Forum will dedicate a space exclusively to community-driven initiatives, recognising the vital role of communities in shaping the global NCD response.","robots":{"index":"index","follow":"follow","max-snippet":"max-snippet:-1","max-image-preview":"max-image-preview:large","max-video-preview":"max-video-preview:-1"},"canonical":"https:\/\/forum.ncdalliance.org\/fr\/2025-02-11\/introducing-the-community-zone-at-the-2025-global-ncd-alliance-forum\/","og_locale":"fr_FR","og_type":"article","og_title":"Introducing the Community Zone at the 2025 Global NCD Alliance Forum","og_description":"For the first time ever, the Forum will dedicate a space exclusively to community-driven initiatives, recognising the vital role of communities in shaping the global NCD response.","og_url":"https:\/\/forum.ncdalliance.org\/fr\/2025-02-11\/introducing-the-community-zone-at-the-2025-global-ncd-alliance-forum\/","og_site_name":"4th Global NCD Alliance Forum","article_publisher":"https:\/\/www.facebook.com\/ncdalliance","article_published_time":"2025-02-11T14:58:37+00:00","article_modified_time":"2025-02-11T15:38:47+00:00","og_image":[{"width":1200,"height":800,"url":"https:\/\/forum.ncdalliance.org\/wp-content\/uploads\/2025\/01\/Global_Forum_NCDs-20200209-opening_ceremony-401.jpg","type":"image\/jpeg"}],"author":"Caitlin Mahon","twitter_card":"summary_large_image","twitter_title":"Introducing the Community Zone at the 2025 Global NCD Alliance Forum","twitter_description":"For the first time ever, the Forum will dedicate a space exclusively to community-driven initiatives, recognising the vital role of communities in shaping the global NCD response.","twitter_image":"https:\/\/forum.ncdalliance.org\/wp-content\/uploads\/2025\/01\/Global_Forum_NCDs-20200209-opening_ceremony-401.jpg","twitter_creator":"@ncdalliance","twitter_site":"@ncdalliance","twitter_misc":{"\u00c9crit par":"Caitlin Mahon","Dur\u00e9e de lecture estim\u00e9e":"2 minutes"},"schema":{"@context":"https:\/\/schema.org","@graph":[{"@type":"Article","@id":"https:\/\/forum.ncdalliance.org\/2025-02-11\/introducing-the-community-zone-at-the-2025-global-ncd-alliance-forum\/#article","isPartOf":{"@id":"https:\/\/forum.ncdalliance.org\/2025-02-11\/introducing-the-community-zone-at-the-2025-global-ncd-alliance-forum\/"},"author":{"name":"Caitlin Mahon","@id":"https:\/\/forum.ncdalliance.org\/#\/schema\/person\/4db292b1e99bd91ad6706834803ba7cb"},"headline":"Introducing the Community Zone at the 2025 Global NCD Alliance Forum","datePublished":"2025-02-11T14:58:37+00:00","dateModified":"2025-02-11T15:38:47+00:00","mainEntityOfPage":{"@id":"https:\/\/forum.ncdalliance.org\/2025-02-11\/introducing-the-community-zone-at-the-2025-global-ncd-alliance-forum\/"},"wordCount":460,"commentCount":0,"publisher":{"@id":"https:\/\/forum.ncdalliance.org\/#organization"},"image":{"@id":"https:\/\/forum.ncdalliance.org\/2025-02-11\/introducing-the-community-zone-at-the-2025-global-ncd-alliance-forum\/#primaryimage"},"thumbnailUrl":"https:\/\/forum.ncdalliance.org\/wp-content\/uploads\/2025\/02\/ncdaf2025-creative_corner-2400x1600-1.jpg","keywords":["plenary","programme"],"articleSection":["Announcement","Uncategorized"],"inLanguage":"fr-FR","potentialAction":[{"@type":"CommentAction","name":"Comment","target":["https:\/\/forum.ncdalliance.org\/2025-02-11\/introducing-the-community-zone-at-the-2025-global-ncd-alliance-forum\/#respond"]}]},{"@type":"WebPage","@id":"https:\/\/forum.ncdalliance.org\/2025-02-11\/introducing-the-community-zone-at-the-2025-global-ncd-alliance-forum\/","url":"https:\/\/forum.ncdalliance.org\/2025-02-11\/introducing-the-community-zone-at-the-2025-global-ncd-alliance-forum\/","name":"Introducing the Community Zone at the 2025 Global NCD Alliance Forum - 4th Global NCD Alliance Forum","isPartOf":{"@id":"https:\/\/forum.ncdalliance.org\/#website"},"primaryImageOfPage":{"@id":"https:\/\/forum.ncdalliance.org\/2025-02-11\/introducing-the-community-zone-at-the-2025-global-ncd-alliance-forum\/#primaryimage"},"image":{"@id":"https:\/\/forum.ncdalliance.org\/2025-02-11\/introducing-the-community-zone-at-the-2025-global-ncd-alliance-forum\/#primaryimage"},"thumbnailUrl":"https:\/\/forum.ncdalliance.org\/wp-content\/uploads\/2025\/02\/ncdaf2025-creative_corner-2400x1600-1.jpg","datePublished":"2025-02-11T14:58:37+00:00","dateModified":"2025-02-11T15:38:47+00:00","description":"For the first time ever, the Forum will dedicate a space exclusively to community-driven initiatives, recognising the vital role of communities in shaping the global NCD response.","breadcrumb":{"@id":"https:\/\/forum.ncdalliance.org\/2025-02-11\/introducing-the-community-zone-at-the-2025-global-ncd-alliance-forum\/#breadcrumb"},"inLanguage":"fr-FR","potentialAction":[{"@type":"ReadAction","target":["https:\/\/forum.ncdalliance.org\/2025-02-11\/introducing-the-community-zone-at-the-2025-global-ncd-alliance-forum\/"]}]},{"@type":"ImageObject","inLanguage":"fr-FR","@id":"https:\/\/forum.ncdalliance.org\/2025-02-11\/introducing-the-community-zone-at-the-2025-global-ncd-alliance-forum\/#primaryimage","url":"https:\/\/forum.ncdalliance.org\/wp-content\/uploads\/2025\/02\/ncdaf2025-creative_corner-2400x1600-1.jpg","contentUrl":"https:\/\/forum.ncdalliance.org\/wp-content\/uploads\/2025\/02\/ncdaf2025-creative_corner-2400x1600-1.jpg","width":2400,"height":1600,"caption":"Forum 2025 - creative corner"},{"@type":"BreadcrumbList","@id":"https:\/\/forum.ncdalliance.org\/2025-02-11\/introducing-the-community-zone-at-the-2025-global-ncd-alliance-forum\/#breadcrumb","itemListElement":[{"@type":"ListItem","position":1,"name":"Home","item":"https:\/\/forum.ncdalliance.org\/"},{"@type":"ListItem","position":2,"name":"Introducing the Community Zone at the 2025 Global NCD Alliance Forum"}]},{"@type":"WebSite","@id":"https:\/\/forum.ncdalliance.org\/#website","url":"https:\/\/forum.ncdalliance.org\/","name":"2024 Global NCD Alliance Forum","description":"","publisher":{"@id":"https:\/\/forum.ncdalliance.org\/#organization"},"potentialAction":[{"@type":"SearchAction","target":{"@type":"EntryPoint","urlTemplate":"https:\/\/forum.ncdalliance.org\/?s={search_term_string}"},"query-input":{"@type":"PropertyValueSpecification","valueRequired":true,"valueName":"search_term_string"}}],"inLanguage":"fr-FR"},{"@type":"Organization","@id":"https:\/\/forum.ncdalliance.org\/#organization","name":"2024 Global NCD Alliance Forum","url":"https:\/\/forum.ncdalliance.org\/","logo":{"@type":"ImageObject","inLanguage":"fr-FR","@id":"https:\/\/forum.ncdalliance.org\/#\/schema\/logo\/image\/","url":"https:\/\/forum.ncdalliance.org\/wp-content\/uploads\/2024\/10\/GF2025-logo-1300x584-EN.png","contentUrl":"https:\/\/forum.ncdalliance.org\/wp-content\/uploads\/2024\/10\/GF2025-logo-1300x584-EN.png","width":1300,"height":584,"caption":"2024 Global NCD Alliance Forum"},"image":{"@id":"https:\/\/forum.ncdalliance.org\/#\/schema\/logo\/image\/"},"sameAs":["https:\/\/www.facebook.com\/ncdalliance","https:\/\/x.com\/ncdalliance","https:\/\/www.linkedin.com\/company\/ncd-alliance","https:\/\/www.youtube.com\/c\/NCDAllianceOrg","https:\/\/www.instagram.com\/ncdalliance","https:\/\/www.tiktok.com\/@ncdalliance"]},{"@type":"Person","@id":"https:\/\/forum.ncdalliance.org\/#\/schema\/person\/4db292b1e99bd91ad6706834803ba7cb","name":"Caitlin Mahon","image":{"@type":"ImageObject","inLanguage":"fr-FR","@id":"https:\/\/forum.ncdalliance.org\/#\/schema\/person\/image\/","url":"https:\/\/secure.gravatar.com\/avatar\/274f7faf03e309fb172b674b7d25c50f6a44f5c04a176273967ee5414b02c9ec?s=96&d=mm&r=g","contentUrl":"https:\/\/secure.gravatar.com\/avatar\/274f7faf03e309fb172b674b7d25c50f6a44f5c04a176273967ee5414b02c9ec?s=96&d=mm&r=g","caption":"Caitlin Mahon"},"url":"https:\/\/forum.ncdalliance.org\/fr\/author\/cmahonncdalliance-org\/"}]}},"_links":{"self":[{"href":"https:\/\/forum.ncdalliance.org\/fr\/wp-json\/wp\/v2\/posts\/5651","targetHints":{"allow":["GET"]}}],"collection":[{"href":"https:\/\/forum.ncdalliance.org\/fr\/wp-json\/wp\/v2\/posts"}],"about":[{"href":"https:\/\/forum.ncdalliance.org\/fr\/wp-json\/wp\/v2\/types\/post"}],"author":[{"embeddable":true,"href":"https:\/\/forum.ncdalliance.org\/fr\/wp-json\/wp\/v2\/users\/4"}],"replies":[{"embeddable":true,"href":"https:\/\/forum.ncdalliance.org\/fr\/wp-json\/wp\/v2\/comments?post=5651"}],"version-history":[{"count":30,"href":"https:\/\/forum.ncdalliance.org\/fr\/wp-json\/wp\/v2\/posts\/5651\/revisions"}],"predecessor-version":[{"id":5703,"href":"https:\/\/forum.ncdalliance.org\/fr\/wp-json\/wp\/v2\/posts\/5651\/revisions\/5703"}],"wp:featuredmedia":[{"embeddable":true,"href":"https:\/\/forum.ncdalliance.org\/fr\/wp-json\/wp\/v2\/media\/5677"}],"wp:attachment":[{"href":"https:\/\/forum.ncdalliance.org\/fr\/wp-json\/wp\/v2\/media?parent=5651"}],"wp:term":[{"taxonomy":"category","embeddable":true,"href":"https:\/\/forum.ncdalliance.org\/fr\/wp-json\/wp\/v2\/categories?post=5651"},{"taxonomy":"post_tag","embeddable":true,"href":"https:\/\/forum.ncdalliance.org\/fr\/wp-json\/wp\/v2\/tags?post=5651"}],"curies":[{"name":"wp","href":"https:\/\/api.w.org\/{rel}","templated":true}]}}